{"id":2000,"date":"2018-09-01T17:40:07","date_gmt":"2018-09-01T15:40:07","guid":{"rendered":"http:\/\/schrothweber.de\/2018\/09\/01\/trainingscamp-in-chamonix-2018\/"},"modified":"2019-10-16T20:54:55","modified_gmt":"2019-10-16T18:54:55","slug":"trainingscamp-in-chamonix-2018","status":"publish","type":"post","link":"https:\/\/schrothpower.de\/en\/2018\/09\/01\/trainingscamp-in-chamonix-2018\/","title":{"rendered":"Trainingscamp in Chamonix 2018"},"content":{"rendered":"<p><strong>Brevent \u2013 keine Gnade f\u00fcr die Wade!<\/strong><\/p>\n<p>Als Eingehtour haben Markus und ich uns den Brevent ausgesucht. Der Aufstieg unter der Gondel, steil \u2013 heiss \u2013 direkt!<\/p>\n<p>Ab der Mittelstation m\u00fcssen wir uns mit weniger Steigung zufrieden geben ;-), das Wetter ver\u00e4nderte sich. Oben angekommen finden wir letzte Schneereste und Nebel vor. Markus und ich halten uns nicht lange auf, ohne Pause geht es wieder ab nach unten. Die gignatische Sicht auf den Mont Blanc war heute eher in schwarz \u2013 weiss gehalten. Ab der Mittelstation hat es dann zu sch\u00fctten angefangen, wir waren gut drauf, liefen z\u00fcgig zur\u00fcck ins Tal und kamen noch rechtzeitig zum Mittagessen wieder unten an :-)!<\/p>\nngg_shortcode_0_placeholder\n<p>&nbsp;<\/p>\n<p><strong>Plan de l\u00b4Aiguille\u2013 t\u00e4glich gr\u00fc\u00dft das Murmeltier<\/strong><\/p>\n<p>Als Vorbereitung f\u00fcr den Tor de Geants im September wollte Markus nochmal eine l\u00e4ngere Trainingseinheit machen.<\/p>\n<p>Damit es auch f\u00fcr unseren Kopf eine kleine Herausforderung war, entschieden wir uns daf\u00fcr, das gesamte Training ausschlie\u00dflich auf der gleichen Strecke hoch zur Plan de l\u00b4Aiguille zu machen. Markus setzte sich als Ziel diese 11 Mal zu laufen und ich begleitete ihn dabei 6 Mal.<\/p>\n<p>Unsere \u201eVerpflegungsstation\u201c war das Refuge Plan de l\u00b4Aiguille, dort genossen wir bei Sonnenaufgang, Sonnenuntergang und sch\u00f6nstem Wetter die gingantische Aussicht auf den Mont Blanc und bei Schneeregen und Sturm eine leckere Tarte de Myrtille.<\/p>\nngg_shortcode_1_placeholder\n","protected":false},"excerpt":{"rendered":"<p>Brevent \u2013 keine Gnade f\u00fcr die Wade! Als Eingehtour haben Markus und ich uns den Brevent ausgesucht. Der Aufstieg unter der Gondel, steil \u2013 heiss \u2013 direkt! Ab der Mittelstation m\u00fcssen wir uns mit weniger Steigung zufrieden geben ;-), das Wetter ver\u00e4nderte sich. Oben angekommen finden wir letzte Schneereste und Nebel vor. Markus und ich &hellip; <\/p>\n<p class=\"link-more\"><a href=\"https:\/\/schrothpower.de\/en\/2018\/09\/01\/trainingscamp-in-chamonix-2018\/\" class=\"more-link\">Continue reading<span class=\"screen-reader-text\"> &#8220;Trainingscamp in Chamonix 2018&#8221;<\/span><\/a><\/p>\n","protected":false},"author":4,"featured_media":2712,"comment_status":"closed","ping_status":"closed","sticky":false,"template":"","format":"standard","meta":{"ngg_post_thumbnail":0,"footnotes":""},"categories":[101,102,10,16],"tags":[],"class_list":["post-2000","post","type-post","status-publish","format-standard","has-post-thumbnail","hentry","category-markus-schroth-en","category-petra-schroth-en","category-ultratrail","category-ultratrail-en"],"yoast_head":"<!-- This site is optimized with the Yoast SEO plugin v26.2 - https:\/\/yoast.com\/wordpress\/plugins\/seo\/ -->\n<title>Trainingscamp in Chamonix 2018 - Markus Schroth &amp; Petra Schroth Coaching Consulting<\/title>\n<meta name=\"robots\" content=\"index, follow, max-snippet:-1, max-image-preview:large, max-video-preview:-1\" \/>\n<link rel=\"canonical\" href=\"https:\/\/schrothpower.de\/en\/2018\/09\/01\/trainingscamp-in-chamonix-2018\/\" \/>\n<meta property=\"og:locale\" content=\"en_US\" \/>\n<meta property=\"og:type\" content=\"article\" \/>\n<meta property=\"og:title\" content=\"Trainingscamp in Chamonix 2018 - Markus Schroth &amp; Petra Schroth Coaching Consulting\" \/>\n<meta property=\"og:description\" content=\"Brevent \u2013 keine Gnade f\u00fcr die Wade! Als Eingehtour haben Markus und ich uns den Brevent ausgesucht. Der Aufstieg unter der Gondel, steil \u2013 heiss \u2013 direkt! Ab der Mittelstation m\u00fcssen wir uns mit weniger Steigung zufrieden geben ;-), das Wetter ver\u00e4nderte sich. Oben angekommen finden wir letzte Schneereste und Nebel vor. Markus und ich &hellip; Continue reading &quot;Trainingscamp in Chamonix 2018&quot;\" \/>\n<meta property=\"og:url\" content=\"https:\/\/schrothpower.de\/en\/2018\/09\/01\/trainingscamp-in-chamonix-2018\/\" \/>\n<meta property=\"og:site_name\" content=\"Markus Schroth &amp; Petra Schroth\" \/>\n<meta property=\"article:published_time\" content=\"2018-09-01T15:40:07+00:00\" \/>\n<meta property=\"article:modified_time\" content=\"2019-10-16T18:54:55+00:00\" \/>\n<meta property=\"og:image\" content=\"https:\/\/schrothpower.de\/wp-content\/uploads\/2020\/06\/2_Training-Chamonix-2018-12.jpg\" \/>\n\t<meta property=\"og:image:width\" content=\"960\" \/>\n\t<meta property=\"og:image:height\" content=\"1280\" \/>\n\t<meta property=\"og:image:type\" content=\"image\/jpeg\" \/>\n<meta name=\"author\" content=\"Markus Schroth und Petra Schroth\" \/>\n<meta name=\"twitter:card\" content=\"summary_large_image\" \/>\n<meta name=\"twitter:label1\" content=\"Written by\" \/>\n\t<meta name=\"twitter:data1\" content=\"Markus Schroth und Petra Schroth\" \/>\n\t<meta name=\"twitter:label2\" content=\"Est. reading time\" \/>\n\t<meta name=\"twitter:data2\" content=\"2 minutes\" \/>\n<script type=\"application\/ld+json\" class=\"yoast-schema-graph\">{\"@context\":\"https:\/\/schema.org\",\"@graph\":[{\"@type\":\"Article\",\"@id\":\"https:\/\/schrothpower.de\/en\/2018\/09\/01\/trainingscamp-in-chamonix-2018\/#article\",\"isPartOf\":{\"@id\":\"https:\/\/schrothpower.de\/en\/2018\/09\/01\/trainingscamp-in-chamonix-2018\/\"},\"author\":{\"name\":\"Markus Schroth und Petra Schroth\",\"@id\":\"https:\/\/schrothpower.de\/en\/#\/schema\/person\/261212d916628cfd08dcaf5c8dadf338\"},\"headline\":\"Trainingscamp in Chamonix 2018\",\"datePublished\":\"2018-09-01T15:40:07+00:00\",\"dateModified\":\"2019-10-16T18:54:55+00:00\",\"mainEntityOfPage\":{\"@id\":\"https:\/\/schrothpower.de\/en\/2018\/09\/01\/trainingscamp-in-chamonix-2018\/\"},\"wordCount\":339,\"publisher\":{\"@id\":\"https:\/\/schrothpower.de\/en\/#organization\"},\"image\":{\"@id\":\"https:\/\/schrothpower.de\/en\/2018\/09\/01\/trainingscamp-in-chamonix-2018\/#primaryimage\"},\"thumbnailUrl\":\"https:\/\/schrothpower.de\/wp-content\/uploads\/2020\/06\/2_Training-Chamonix-2018-12.jpg\",\"articleSection\":[\"Markus Schroth\",\"Petra Schroth\",\"Ultratrail\",\"Ultratrail\"],\"inLanguage\":\"en-US\"},{\"@type\":\"WebPage\",\"@id\":\"https:\/\/schrothpower.de\/en\/2018\/09\/01\/trainingscamp-in-chamonix-2018\/\",\"url\":\"https:\/\/schrothpower.de\/en\/2018\/09\/01\/trainingscamp-in-chamonix-2018\/\",\"name\":\"Trainingscamp in Chamonix 2018 - Markus Schroth &amp; Petra Schroth Coaching Consulting\",\"isPartOf\":{\"@id\":\"https:\/\/schrothpower.de\/en\/#website\"},\"primaryImageOfPage\":{\"@id\":\"https:\/\/schrothpower.de\/en\/2018\/09\/01\/trainingscamp-in-chamonix-2018\/#primaryimage\"},\"image\":{\"@id\":\"https:\/\/schrothpower.de\/en\/2018\/09\/01\/trainingscamp-in-chamonix-2018\/#primaryimage\"},\"thumbnailUrl\":\"https:\/\/schrothpower.de\/wp-content\/uploads\/2020\/06\/2_Training-Chamonix-2018-12.jpg\",\"datePublished\":\"2018-09-01T15:40:07+00:00\",\"dateModified\":\"2019-10-16T18:54:55+00:00\",\"breadcrumb\":{\"@id\":\"https:\/\/schrothpower.de\/en\/2018\/09\/01\/trainingscamp-in-chamonix-2018\/#breadcrumb\"},\"inLanguage\":\"en-US\",\"potentialAction\":[{\"@type\":\"ReadAction\",\"target\":[\"https:\/\/schrothpower.de\/en\/2018\/09\/01\/trainingscamp-in-chamonix-2018\/\"]}]},{\"@type\":\"ImageObject\",\"inLanguage\":\"en-US\",\"@id\":\"https:\/\/schrothpower.de\/en\/2018\/09\/01\/trainingscamp-in-chamonix-2018\/#primaryimage\",\"url\":\"https:\/\/schrothpower.de\/wp-content\/uploads\/2020\/06\/2_Training-Chamonix-2018-12.jpg\",\"contentUrl\":\"https:\/\/schrothpower.de\/wp-content\/uploads\/2020\/06\/2_Training-Chamonix-2018-12.jpg\",\"width\":960,\"height\":1280},{\"@type\":\"BreadcrumbList\",\"@id\":\"https:\/\/schrothpower.de\/en\/2018\/09\/01\/trainingscamp-in-chamonix-2018\/#breadcrumb\",\"itemListElement\":[{\"@type\":\"ListItem\",\"position\":1,\"name\":\"Startseite\",\"item\":\"https:\/\/schrothpower.de\/en\/\"},{\"@type\":\"ListItem\",\"position\":2,\"name\":\"Trainingscamp in Chamonix 2018\"}]},{\"@type\":\"WebSite\",\"@id\":\"https:\/\/schrothpower.de\/en\/#website\",\"url\":\"https:\/\/schrothpower.de\/en\/\",\"name\":\"Markus Schroth &amp; Petra Schroth\",\"description\":\"SCHROTHPOWER\",\"publisher\":{\"@id\":\"https:\/\/schrothpower.de\/en\/#organization\"},\"potentialAction\":[{\"@type\":\"SearchAction\",\"target\":{\"@type\":\"EntryPoint\",\"urlTemplate\":\"https:\/\/schrothpower.de\/en\/?s={search_term_string}\"},\"query-input\":{\"@type\":\"PropertyValueSpecification\",\"valueRequired\":true,\"valueName\":\"search_term_string\"}}],\"inLanguage\":\"en-US\"},{\"@type\":\"Organization\",\"@id\":\"https:\/\/schrothpower.de\/en\/#organization\",\"name\":\"Markus Schroth & Petra Weber Coaching Consulting\",\"url\":\"https:\/\/schrothpower.de\/en\/\",\"logo\":{\"@type\":\"ImageObject\",\"inLanguage\":\"en-US\",\"@id\":\"https:\/\/schrothpower.de\/en\/#\/schema\/logo\/image\/\",\"url\":\"https:\/\/schrothpower.de\/wp-content\/uploads\/2019\/10\/Favicon-Webseite.jpg\",\"contentUrl\":\"https:\/\/schrothpower.de\/wp-content\/uploads\/2019\/10\/Favicon-Webseite.jpg\",\"width\":1194,\"height\":1194,\"caption\":\"Markus Schroth & Petra Weber Coaching Consulting\"},\"image\":{\"@id\":\"https:\/\/schrothpower.de\/en\/#\/schema\/logo\/image\/\"}},{\"@type\":\"Person\",\"@id\":\"https:\/\/schrothpower.de\/en\/#\/schema\/person\/261212d916628cfd08dcaf5c8dadf338\",\"name\":\"Markus Schroth und Petra Schroth\",\"image\":{\"@type\":\"ImageObject\",\"inLanguage\":\"en-US\",\"@id\":\"https:\/\/schrothpower.de\/en\/#\/schema\/person\/image\/\",\"url\":\"https:\/\/secure.gravatar.com\/avatar\/feacc407ef0b5a044bf9b9a57edbd74edf261cfa869c73892cdd886bfbbb9447?s=96&d=mm&r=g\",\"contentUrl\":\"https:\/\/secure.gravatar.com\/avatar\/feacc407ef0b5a044bf9b9a57edbd74edf261cfa869c73892cdd886bfbbb9447?s=96&d=mm&r=g\",\"caption\":\"Markus Schroth und Petra Schroth\"},\"url\":\"https:\/\/schrothpower.de\/en\/author\/markus-schroth-und-petra-weber\/\"}]}<\/script>\n<!-- \/ Yoast SEO plugin. -->","yoast_head_json":{"title":"Trainingscamp in Chamonix 2018 - Markus Schroth &amp; Petra Schroth Coaching Consulting","robots":{"index":"index","follow":"follow","max-snippet":"max-snippet:-1","max-image-preview":"max-image-preview:large","max-video-preview":"max-video-preview:-1"},"canonical":"https:\/\/schrothpower.de\/en\/2018\/09\/01\/trainingscamp-in-chamonix-2018\/","og_locale":"en_US","og_type":"article","og_title":"Trainingscamp in Chamonix 2018 - Markus Schroth &amp; Petra Schroth Coaching Consulting","og_description":"Brevent \u2013 keine Gnade f\u00fcr die Wade! Als Eingehtour haben Markus und ich uns den Brevent ausgesucht. Der Aufstieg unter der Gondel, steil \u2013 heiss \u2013 direkt! Ab der Mittelstation m\u00fcssen wir uns mit weniger Steigung zufrieden geben ;-), das Wetter ver\u00e4nderte sich. Oben angekommen finden wir letzte Schneereste und Nebel vor. Markus und ich &hellip; Continue reading \"Trainingscamp in Chamonix 2018\"","og_url":"https:\/\/schrothpower.de\/en\/2018\/09\/01\/trainingscamp-in-chamonix-2018\/","og_site_name":"Markus Schroth &amp; Petra Schroth","article_published_time":"2018-09-01T15:40:07+00:00","article_modified_time":"2019-10-16T18:54:55+00:00","og_image":[{"width":960,"height":1280,"url":"https:\/\/schrothpower.de\/wp-content\/uploads\/2020\/06\/2_Training-Chamonix-2018-12.jpg","type":"image\/jpeg"}],"author":"Markus Schroth und Petra Schroth","twitter_card":"summary_large_image","twitter_misc":{"Written by":"Markus Schroth und Petra Schroth","Est. reading time":"2 minutes"},"schema":{"@context":"https:\/\/schema.org","@graph":[{"@type":"Article","@id":"https:\/\/schrothpower.de\/en\/2018\/09\/01\/trainingscamp-in-chamonix-2018\/#article","isPartOf":{"@id":"https:\/\/schrothpower.de\/en\/2018\/09\/01\/trainingscamp-in-chamonix-2018\/"},"author":{"name":"Markus Schroth und Petra Schroth","@id":"https:\/\/schrothpower.de\/en\/#\/schema\/person\/261212d916628cfd08dcaf5c8dadf338"},"headline":"Trainingscamp in Chamonix 2018","datePublished":"2018-09-01T15:40:07+00:00","dateModified":"2019-10-16T18:54:55+00:00","mainEntityOfPage":{"@id":"https:\/\/schrothpower.de\/en\/2018\/09\/01\/trainingscamp-in-chamonix-2018\/"},"wordCount":339,"publisher":{"@id":"https:\/\/schrothpower.de\/en\/#organization"},"image":{"@id":"https:\/\/schrothpower.de\/en\/2018\/09\/01\/trainingscamp-in-chamonix-2018\/#primaryimage"},"thumbnailUrl":"https:\/\/schrothpower.de\/wp-content\/uploads\/2020\/06\/2_Training-Chamonix-2018-12.jpg","articleSection":["Markus Schroth","Petra Schroth","Ultratrail","Ultratrail"],"inLanguage":"en-US"},{"@type":"WebPage","@id":"https:\/\/schrothpower.de\/en\/2018\/09\/01\/trainingscamp-in-chamonix-2018\/","url":"https:\/\/schrothpower.de\/en\/2018\/09\/01\/trainingscamp-in-chamonix-2018\/","name":"Trainingscamp in Chamonix 2018 - Markus Schroth &amp; Petra Schroth Coaching Consulting","isPartOf":{"@id":"https:\/\/schrothpower.de\/en\/#website"},"primaryImageOfPage":{"@id":"https:\/\/schrothpower.de\/en\/2018\/09\/01\/trainingscamp-in-chamonix-2018\/#primaryimage"},"image":{"@id":"https:\/\/schrothpower.de\/en\/2018\/09\/01\/trainingscamp-in-chamonix-2018\/#primaryimage"},"thumbnailUrl":"https:\/\/schrothpower.de\/wp-content\/uploads\/2020\/06\/2_Training-Chamonix-2018-12.jpg","datePublished":"2018-09-01T15:40:07+00:00","dateModified":"2019-10-16T18:54:55+00:00","breadcrumb":{"@id":"https:\/\/schrothpower.de\/en\/2018\/09\/01\/trainingscamp-in-chamonix-2018\/#breadcrumb"},"inLanguage":"en-US","potentialAction":[{"@type":"ReadAction","target":["https:\/\/schrothpower.de\/en\/2018\/09\/01\/trainingscamp-in-chamonix-2018\/"]}]},{"@type":"ImageObject","inLanguage":"en-US","@id":"https:\/\/schrothpower.de\/en\/2018\/09\/01\/trainingscamp-in-chamonix-2018\/#primaryimage","url":"https:\/\/schrothpower.de\/wp-content\/uploads\/2020\/06\/2_Training-Chamonix-2018-12.jpg","contentUrl":"https:\/\/schrothpower.de\/wp-content\/uploads\/2020\/06\/2_Training-Chamonix-2018-12.jpg","width":960,"height":1280},{"@type":"BreadcrumbList","@id":"https:\/\/schrothpower.de\/en\/2018\/09\/01\/trainingscamp-in-chamonix-2018\/#breadcrumb","itemListElement":[{"@type":"ListItem","position":1,"name":"Startseite","item":"https:\/\/schrothpower.de\/en\/"},{"@type":"ListItem","position":2,"name":"Trainingscamp in Chamonix 2018"}]},{"@type":"WebSite","@id":"https:\/\/schrothpower.de\/en\/#website","url":"https:\/\/schrothpower.de\/en\/","name":"Markus Schroth &amp; Petra Schroth","description":"SCHROTHPOWER","publisher":{"@id":"https:\/\/schrothpower.de\/en\/#organization"},"potentialAction":[{"@type":"SearchAction","target":{"@type":"EntryPoint","urlTemplate":"https:\/\/schrothpower.de\/en\/?s={search_term_string}"},"query-input":{"@type":"PropertyValueSpecification","valueRequired":true,"valueName":"search_term_string"}}],"inLanguage":"en-US"},{"@type":"Organization","@id":"https:\/\/schrothpower.de\/en\/#organization","name":"Markus Schroth & Petra Weber Coaching Consulting","url":"https:\/\/schrothpower.de\/en\/","logo":{"@type":"ImageObject","inLanguage":"en-US","@id":"https:\/\/schrothpower.de\/en\/#\/schema\/logo\/image\/","url":"https:\/\/schrothpower.de\/wp-content\/uploads\/2019\/10\/Favicon-Webseite.jpg","contentUrl":"https:\/\/schrothpower.de\/wp-content\/uploads\/2019\/10\/Favicon-Webseite.jpg","width":1194,"height":1194,"caption":"Markus Schroth & Petra Weber Coaching Consulting"},"image":{"@id":"https:\/\/schrothpower.de\/en\/#\/schema\/logo\/image\/"}},{"@type":"Person","@id":"https:\/\/schrothpower.de\/en\/#\/schema\/person\/261212d916628cfd08dcaf5c8dadf338","name":"Markus Schroth und Petra Schroth","image":{"@type":"ImageObject","inLanguage":"en-US","@id":"https:\/\/schrothpower.de\/en\/#\/schema\/person\/image\/","url":"https:\/\/secure.gravatar.com\/avatar\/feacc407ef0b5a044bf9b9a57edbd74edf261cfa869c73892cdd886bfbbb9447?s=96&d=mm&r=g","contentUrl":"https:\/\/secure.gravatar.com\/avatar\/feacc407ef0b5a044bf9b9a57edbd74edf261cfa869c73892cdd886bfbbb9447?s=96&d=mm&r=g","caption":"Markus Schroth und Petra Schroth"},"url":"https:\/\/schrothpower.de\/en\/author\/markus-schroth-und-petra-weber\/"}]}},"_links":{"self":[{"href":"https:\/\/schrothpower.de\/en\/wp-json\/wp\/v2\/posts\/2000","targetHints":{"allow":["GET"]}}],"collection":[{"href":"https:\/\/schrothpower.de\/en\/wp-json\/wp\/v2\/posts"}],"about":[{"href":"https:\/\/schrothpower.de\/en\/wp-json\/wp\/v2\/types\/post"}],"author":[{"embeddable":true,"href":"https:\/\/schrothpower.de\/en\/wp-json\/wp\/v2\/users\/4"}],"replies":[{"embeddable":true,"href":"https:\/\/schrothpower.de\/en\/wp-json\/wp\/v2\/comments?post=2000"}],"version-history":[{"count":1,"href":"https:\/\/schrothpower.de\/en\/wp-json\/wp\/v2\/posts\/2000\/revisions"}],"predecessor-version":[{"id":2001,"href":"https:\/\/schrothpower.de\/en\/wp-json\/wp\/v2\/posts\/2000\/revisions\/2001"}],"wp:featuredmedia":[{"embeddable":true,"href":"https:\/\/schrothpower.de\/en\/wp-json\/wp\/v2\/media\/2712"}],"wp:attachment":[{"href":"https:\/\/schrothpower.de\/en\/wp-json\/wp\/v2\/media?parent=2000"}],"wp:term":[{"taxonomy":"category","embeddable":true,"href":"https:\/\/schrothpower.de\/en\/wp-json\/wp\/v2\/categories?post=2000"},{"taxonomy":"post_tag","embeddable":true,"href":"https:\/\/schrothpower.de\/en\/wp-json\/wp\/v2\/tags?post=2000"}],"curies":[{"name":"wp","href":"https:\/\/api.w.org\/{rel}","templated":true}]}}